{"id":727,"date":"2015-03-07T00:02:43","date_gmt":"2015-03-07T00:02:43","guid":{"rendered":"http:\/\/www.gralhatur.com.br\/?p=727"},"modified":"2015-03-07T01:09:01","modified_gmt":"2015-03-07T01:09:01","slug":"primeira-assembleia-de-2015-reune-secretarios-de-saude-e-tecnicos-na-capital","status":"publish","type":"post","link":"https:\/\/gralhatur.com.br\/index.php\/primeira-assembleia-de-2015-reune-secretarios-de-saude-e-tecnicos-na-capital\/","title":{"rendered":"Primeira assembleia de 2015 re\u00fane secret\u00e1rios de sa\u00fade e t\u00e9cnicos na Capital"},"content":{"rendered":"<h1>Primeira assembleia de 2015 re\u00fane secret\u00e1rios de sa\u00fade e t\u00e9cnicos na Capital<\/h1>\n<p>&nbsp;<\/p>\n<p>Realizada no dia 22 de janeiro, a primeira assembleia ordin\u00e1ria do Conselho de Secretarias Municipais de Sa\u00fade do Rio de Janeiro (Cosems RJ) reuniu gestores e t\u00e9cnicos para debater diversos temas. No encontro, foi anunciada a data da elei\u00e7\u00e3o em que ser\u00e1 escolhida a diretoria que estar\u00e1 \u00e0 frente do Cosems RJ no bi\u00eanio 2015-2017. O pleito acontecer\u00e1, como prev\u00ea o estatuto do Cosems RJ, em uma assembleia geral extraordin\u00e1ria no dia 26 de fevereiro, \u00e0s 10 horas, no audit\u00f3rio principal do N\u00facleo Estadual do Minist\u00e9rio da Sa\u00fade no Rio de Janeiro (NERH), que fica na rua M\u00e9xico, 128, 10\u00b0 andar, Centro, Rio de Janeiro. Veja outras informa\u00e7\u00f5es.<\/p>\n<p>O assessor jur\u00eddico do Cosems RJ, Mauro Silva, apresentou o edital da elei\u00e7\u00e3o e lembrou que esta \u00e9 uma obriga\u00e7\u00e3o estatut\u00e1ria e que deve ocorrer de dois em dois anos. De acordo com a presidente do Cosems RJ, Maria Juraci Dutra, para que se fortale\u00e7a como institui\u00e7\u00e3o, o Cosems RJ deve continuar se pautando pela busca do consenso. \u201c\u00c9 papel do Cosems RJ defender sempre os interesses dos munic\u00edpios, mesmo muitas vezes estando pressionado por duas grandes institui\u00e7\u00f5es: a Secretaria de Estado de Sa\u00fade (SES-RJ) e o Minist\u00e9rio da Sa\u00fade\u201d, afirmou.<\/p>\n<p><a href=\"https:\/\/gralhatur.com.br\/wp-content\/uploads\/2015\/03\/assembleia-jan15.jpg\" class=\"hoverBorder alignleft\"><img loading=\"lazy\" decoding=\"async\" class=\"size-medium wp-image-728 \" style=\"margin-left: 20px; margin-right: 20px;\" alt=\"assembleia-jan15\" src=\"https:\/\/gralhatur.com.br\/wp-content\/uploads\/2015\/03\/assembleia-jan15-300x200.jpg\" width=\"300\" height=\"200\" \/><\/a><\/p>\n<p>contou com a participa\u00e7\u00e3o de t\u00e9cnicos do Cosems RJ, do Minist\u00e9rio da Sa\u00fade e da SES-RJ que alertaram, entre outras informa\u00e7\u00f5es sobre prazos que os gestores precisam cumprir. Camila Franco, da Equipe de Refer\u00eancia Descentralizada da Secretaria de Gest\u00e3o do Trabalho e Educa\u00e7\u00e3o em Sa\u00fade do Minist\u00e9rio da Sa\u00fade no Rio de Janeiro (Depres\/Sgtes\/MS), esclareceu as d\u00favidas dos gestores sobre o edital do Programa Mais M\u00e9dicos, lan\u00e7ado no dia 15 de janeiro. Camila ressaltou a necessidade de as informa\u00e7\u00f5es sobre os m\u00e9dicos estarem atualizadas e corretas nos sistemas. \u201c\u00c9 importante que os secret\u00e1rios consultem a base do Cadastro Nacional de Estabelecimentos de Sa\u00fade (CNES) e confirmem a lota\u00e7\u00e3o dos m\u00e9dicos\u201d, explicou. Segundo ela, tamb\u00e9m \u00e9 preciso fazer uma mobiliza\u00e7\u00e3o para que os m\u00e9dicos se cadastrem no E-SUS. O novo edital prev\u00ea o provimento de profissionais em 36 munic\u00edpios do Estado.<\/p>\n<p>A assembleia tamb\u00e9m<\/p>\n<p>Um alerta importante dado aos gestores durante o encontro foi sobre a necessidade de preenchimento e encaminhamento das informa\u00e7\u00f5es no Sistema de Informa\u00e7\u00f5es sobre Or\u00e7amentos P\u00fablicos em Sa\u00fade (SIOPS). O assessor jur\u00eddico do Cosems RJ, Julio Dias, enfatizou que os gestores t\u00eam at\u00e9 o dia 30 de janeiro para publicar no SIOPS suas receitas e despesas em sa\u00fade referentes a 2014. \u201cCaso as informa\u00e7\u00f5es sobre algum per\u00edodo anterior ainda estiver pendente, o munic\u00edpio ter\u00e1 que regularizar a situa\u00e7\u00e3o para conseguir encaminhar os dados referentes ao \u00faltimo bimestre de 2014\u201d, lembrou. No dia 26 de janeiro, o Minist\u00e9rio da Sa\u00fade divulgou novas orienta\u00e7\u00f5es e informou que, apesar de o prazo legal para a entrega dos dados ser 30 de janeiro, os gestores municipais e estaduais que n\u00e3o declararem as informa\u00e7\u00f5es relativas ao ano de 2014 receber\u00e3o notifica\u00e7\u00e3o com prorroga\u00e7\u00e3o do prazo para mais 30 dias. Com isso, o limite para a publica\u00e7\u00e3o das informa\u00e7\u00f5es no SIOPS ser\u00e1 2 de mar\u00e7o.\u00a0<a href=\"http:\/\/www.portal.cosemsrj.org.br\/siops-gestores-devem-informar-gastos-em-sa%C3%BAde-at%C3%A9-mar%C3%A7o\">Saiba mais<\/a>.<\/p>\n<p><strong>Novo secret\u00e1rio de Estado de Sa\u00fade participa da CIB\u00a0<\/strong><\/p>\n<p>A reuni\u00e3o da Comiss\u00e3o Intergestores Bipartite (CIB) de janeiro contou com a participa\u00e7\u00e3o do novo secret\u00e1rio de Estado de Sa\u00fade, Felipe Peixoto. Ele informou que reconhece a import\u00e2ncia do di\u00e1logo com os gestores e disse que seu gabinete estar\u00e1 sempre aberto aos secret\u00e1rios municipais de sa\u00fade. \u201cSou municipalista, acredito no SUS e nos munic\u00edpios\u201d, ressaltou. \u00a0Felipe Peixoto aproveitou a oportunidade para convocar todos os participantes da reuni\u00e3o a doarem sangue no Hemorio, que est\u00e1 em campanha para preparar o estoque para o per\u00edodo do Carnaval.<\/p>\n","protected":false},"excerpt":{"rendered":"<p>Realizada no dia 22 de janeiro, a primeira assembleia ordin\u00e1ria do Conselho de Secretarias Municipais de Sa\u00fade do Rio de Janeiro (Cosems RJ) reuniu gestores e t\u00e9cnicos para debater diversos temas. No encontro, foi anunciada a data da elei\u00e7\u00e3o em que ser\u00e1 escolhida a diretoria que estar\u00e1 \u00e0 frente do Cosems RJ no bi\u00eanio 2015-2017. O pleito acontecer\u00e1, como prev\u00ea o estatuto do Cosems RJ, em uma assembleia geral extraordin\u00e1ria no dia 26 de fevereiro, \u00e0s 10 horas, no audit\u00f3rio principal do N\u00facleo Estadual do Minist\u00e9rio da Sa\u00fade no Rio de Janeiro (NERH), que fica na rua M\u00e9xico, 128, 10\u00b0 andar, Centro, Rio de Janeiro. Veja outras informa\u00e7\u00f5es.<\/p>\n<p>O assessor jur\u00eddico do Cosems RJ, Mauro Silva, apresentou o edital da elei\u00e7\u00e3o e lembrou que esta \u00e9 uma obriga\u00e7\u00e3o estatut\u00e1ria e que deve ocorrer de dois em dois anos. De acordo com a presidente do Cosems RJ, Maria Juraci Dutra, para que se fortale\u00e7a como institui\u00e7\u00e3o, o Cosems RJ deve continuar se pautando pela busca do consenso. \u201c\u00c9 papel do Cosems RJ defender sempre os interesses dos munic\u00edpios, mesmo muitas vezes estando pressionado por duas grandes institui\u00e7\u00f5es: a Secretaria de Estado de Sa\u00fade (SES-RJ) e o Minist\u00e9rio da Sa\u00fade\u201d, afirmou.<\/p>\n","protected":false},"author":2,"featured_media":430,"comment_status":"closed","ping_status":"closed","sticky":false,"template":"","format":"standard","meta":{"om_disable_all_campaigns":false,"footnotes":""},"categories":[4],"tags":[],"class_list":["post-727","post","type-post","status-publish","format-standard","has-post-thumbnail","hentry","category-noticia-cosems-rj"],"jetpack_featured_media_url":"https:\/\/gralhatur.com.br\/wp-content\/uploads\/2015\/02\/museuolho.jpg","_links":{"self":[{"href":"https:\/\/gralhatur.com.br\/index.php\/wp-json\/wp\/v2\/posts\/727","targetHints":{"allow":["GET"]}}],"collection":[{"href":"https:\/\/gralhatur.com.br\/index.php\/wp-json\/wp\/v2\/posts"}],"about":[{"href":"https:\/\/gralhatur.com.br\/index.php\/wp-json\/wp\/v2\/types\/post"}],"author":[{"embeddable":true,"href":"https:\/\/gralhatur.com.br\/index.php\/wp-json\/wp\/v2\/users\/2"}],"replies":[{"embeddable":true,"href":"https:\/\/gralhatur.com.br\/index.php\/wp-json\/wp\/v2\/comments?post=727"}],"version-history":[{"count":14,"href":"https:\/\/gralhatur.com.br\/index.php\/wp-json\/wp\/v2\/posts\/727\/revisions"}],"predecessor-version":[{"id":738,"href":"https:\/\/gralhatur.com.br\/index.php\/wp-json\/wp\/v2\/posts\/727\/revisions\/738"}],"wp:featuredmedia":[{"embeddable":true,"href":"https:\/\/gralhatur.com.br\/index.php\/wp-json\/wp\/v2\/media\/430"}],"wp:attachment":[{"href":"https:\/\/gralhatur.com.br\/index.php\/wp-json\/wp\/v2\/media?parent=727"}],"wp:term":[{"taxonomy":"category","embeddable":true,"href":"https:\/\/gralhatur.com.br\/index.php\/wp-json\/wp\/v2\/categories?post=727"},{"taxonomy":"post_tag","embeddable":true,"href":"https:\/\/gralhatur.com.br\/index.php\/wp-json\/wp\/v2\/tags?post=727"}],"curies":[{"name":"wp","href":"https:\/\/api.w.org\/{rel}","templated":true}]}}