{"id":719,"date":"2015-03-06T23:56:29","date_gmt":"2015-03-06T23:56:29","guid":{"rendered":"http:\/\/www.gralhatur.com.br\/?p=719"},"modified":"2015-03-07T00:14:05","modified_gmt":"2015-03-07T00:14:05","slug":"nova-diretoria-do-cosems-rj-toma-posse","status":"publish","type":"post","link":"https:\/\/gralhatur.com.br\/index.php\/nova-diretoria-do-cosems-rj-toma-posse\/","title":{"rendered":"Nova diretoria do Cosems RJ toma posse"},"content":{"rendered":"<h1><b>Nova diretoria do Cosems RJ toma posse<\/b><\/h1>\n<p>&nbsp;<\/p>\n<h3><em>Eleita por aclama\u00e7\u00e3o no dia 26 de fevereiro, nova diretoria estar\u00e1 \u00e0 frente da entidade no bi\u00eanio 2015-2017<\/em><\/h3>\n<p>&nbsp;<\/p>\n<p style=\"text-align: justify;\">O Conselho de Secretarias Municipais de Sa\u00fade do Estado do Rio de Janeiro (Cosems RJ) acaba de eleger sua nova diretoria, que ser\u00e1 respons\u00e1vel por representar os gestores municipais fluminenses at\u00e9 fevereiro de 2017. Escolhida de forma consensual, a chapa que estar\u00e1 \u00e0 frente da entidade foi eleita e tomou posse na Assembleia Extraordin\u00e1ria realizada na manh\u00e3 do dia 26 de fevereiro, no Centro do Rio de Janeiro. Liderada pela secret\u00e1ria municipal de sa\u00fade de Pira\u00ed, Maria da Concei\u00e7\u00e3o de Souza Rocha, como presidente, a diretoria conta com representantes de todas as regi\u00f5es de sa\u00fade do Estado. Confira a\u00a0<a href=\"http:\/\/www.portal.cosemsrj.org.br\/diretoria\">nominata completa da nova diretoria<\/a>\u00a0e acesse o\u00a0<a href=\"http:\/\/www.portal.cosemsrj.org.br\/sites\/default\/files\/carta-compromisso-final.pdf\">documento<\/a>\u00a0com todos os compromissos assumidos por ela.<\/p>\n<p style=\"text-align: justify;\"><b>Maria Juraci de Andrade Dutra (Cici), que deixou a presid\u00eancia da entidade, foi homenageada durante a Assembleia. Al\u00e9m de agradecer a parceria dos secret\u00e1rios e o trabalho dos t\u00e9cnicos do Cosems RJ em suas duas gest\u00f5es como presidente, que totalizaram quatro anos, ela ressaltou o fato de que cada membro da nova chapa representa uma regi\u00e3o de sa\u00fade. \u201cIsso significa que, em sua pol\u00edtica institucional, o Cosems RJ comprova que \u00e9 poss\u00edvel regionalizar a gest\u00e3o\u201d, ressaltou.<\/b><\/p>\n<p style=\"text-align: justify;\">A presidente eleita, Maria da Concei\u00e7\u00e3o, afirmou que o processo de articula\u00e7\u00e3o da chapa se deu pela busca do consenso, de forma madura &#8211;\u00a0 fortalecendo o Cosems RJ e o Sistema \u00danico de Sa\u00fade (SUS). \u201cO cargo de secret\u00e1rio municipal de sa\u00fade \u00e9 um dos mais dif\u00edceis na administra\u00e7\u00e3o p\u00fablica. H\u00e1 muita complexidade, o que demanda compet\u00eancia, j\u00e1 que o investimento em sa\u00fade no Brasil \u00e9 maior no setor privado. Existe o problema de gest\u00e3o, mas tamb\u00e9m o problema do subfinanciamento do SUS: fazemos muito com muito menos recursos\u201d, avaliou.<\/p>\n<p><img loading=\"lazy\" decoding=\"async\" class=\"size-medium wp-image-720 alignleft\" style=\"margin-left: 10px; margin-right: 10px;\" alt=\"8S0A7799\" src=\"https:\/\/gralhatur.com.br\/wp-content\/uploads\/2015\/03\/8S0A7799-300x200.jpg\" width=\"300\" height=\"200\" \/><\/p>\n<p style=\"text-align: justify;\">A nova presidente agradeceu os colegas que trabalharam na articula\u00e7\u00e3o do consenso alcan\u00e7ado nesta elei\u00e7\u00e3o e destacou os principais pontos da Carta Compromisso, como a necessidade de qualifica\u00e7\u00e3o da assist\u00eancia pela aten\u00e7\u00e3o b\u00e1sica tem que ser um compromisso, a import\u00e2ncia de um processo regulat\u00f3rio forte, de um financiamento tripartite e equ\u00e2nime, do fortalecimento dos f\u00f3runs de gestores j\u00e1 estabelecidos e da organiza\u00e7\u00e3o das redes para causar menos sofrimentos aos pacientes, entre outros. \u201cO Cosems RJ \u00e9 um espa\u00e7o democr\u00e1tico de negocia\u00e7\u00e3o, media\u00e7\u00e3o e de aglutina\u00e7\u00e3o de for\u00e7as e de transpar\u00eancia. For\u00e7as essas capazes de novas mobiliza\u00e7\u00f5es para vencer o grave momento que estamos enfrentando em que est\u00e1 sendo questionada a sustentabilidade do Sistema \u00danico de Sa\u00fade, essa grande conquista social\u201d, ressaltou. \u00a0De acordo com Concei\u00e7\u00e3o, a capacidade de conquistar tudo isso depende da participa\u00e7\u00e3o madura de todos os gestores e do fortalecimento do papel dos vice-presidentes regionais.<\/p>\n<p style=\"text-align: justify;\"><strong>Pela uni\u00e3o dos munic\u00edpios<\/strong><\/p>\n<p style=\"text-align: justify;\">Primeiro vice-presidente eleito, o secret\u00e1rio municipal de sa\u00fade de Angra dos Reis, Rodrigo Oliveira, lembrou que o munic\u00edpio \u00e9 o local onde se expressam de forma mais intensa as contradi\u00e7\u00f5es do SUS e avaliou que houve muitos avan\u00e7os no \u00faltimo per\u00edodo, mas que alguns pontos centrais permanecem como enormes desafios. \u201cTeremos que fazer o debate da regula\u00e7\u00e3o: os 92 munic\u00edpios, o Estado e o Minist\u00e9rio da Sa\u00fade, que tem papel grande no Rio de Janeiro\u201d, frisou. Segundo ele, esta crise ter\u00e1 que ser enfrentada agora, em meio a uma outra crise: a de arrecada\u00e7\u00e3o tanto no Estado quanto na Uni\u00e3o. \u201cEsse \u00e9 o nosso principal desafio\u201d, resumiu. Rodrigo destacou tamb\u00e9m a participa\u00e7\u00e3o do secret\u00e1rio municipal de sa\u00fade do Rio de Janeiro, Daniel Soranz, na composi\u00e7\u00e3o da chapa, e elogiou a postura unificada das secretarias de Duque de Caxias e Nova Igua\u00e7u. Segundo Rodrigo, a sa\u00edda para a crise se d\u00e1 pela unifica\u00e7\u00e3o e atua\u00e7\u00e3o conjunta dos munic\u00edpios. \u201cVamos andar juntos sob a lideran\u00e7a da Concei\u00e7\u00e3o, que est\u00e1 h\u00e1 20 anos no SUS\u201d, ressaltou.<\/p>\n<p>Luis Antonio de Souza Teixeira Junior, secret\u00e1rio municipal de sa\u00fade de Nova Igua\u00e7u, e segundo vice-presidente eleito afirmou ser um orgulho representar a Baixada Fluminense na entidade. \u201cN\u00f3s s\u00f3 vamos conseguir fazer a nossa atividade fim &#8211; conquistar a melhoria assistencial aos habitantes dos nossos munic\u00edpios &#8211; se n\u00f3s tivermos bons instrumentos de gest\u00e3o e estivermos unidos. Para sermos fortes, o Cosems RJ precisa ser forte\u201d, ressaltou. Segundo ele, participar do Cosems RJ ajuda o secret\u00e1rio a ter um Norte sobre sua fun\u00e7\u00e3o e quais as regras que o gestor precisa cumprir.<\/p>\n<pre>A m\u00e9dica Suely Pinto, que j\u00e1 foi secret\u00e1ria municipal de sa\u00fade de Volta Redonda e membro da diretoria do Cosems RJ, participou da Comiss\u00e3o<\/pre>\n","protected":false},"excerpt":{"rendered":"<p>Nova diretoria do Cosems RJ toma posse &nbsp; Eleita por aclama\u00e7\u00e3o no dia 26 de fevereiro, nova diretoria estar\u00e1 \u00e0 frente da entidade no bi\u00eanio 2015-2017 &nbsp; O Conselho de Secretarias Municipais de Sa\u00fade do Estado do Rio de Janeiro (Cosems RJ) acaba de eleger sua nova diretoria, que ser\u00e1 respons\u00e1vel por representar os gestores<\/p>\n","protected":false},"author":2,"featured_media":436,"comment_status":"open","ping_status":"closed","sticky":false,"template":"","format":"standard","meta":{"om_disable_all_campaigns":false,"footnotes":""},"categories":[4],"tags":[],"class_list":["post-719","post","type-post","status-publish","format-standard","has-post-thumbnail","hentry","category-noticia-cosems-rj"],"jetpack_featured_media_url":"https:\/\/gralhatur.com.br\/wp-content\/uploads\/2015\/02\/vista-aerea-curitiba-20030522-size-598.jpg","_links":{"self":[{"href":"https:\/\/gralhatur.com.br\/index.php\/wp-json\/wp\/v2\/posts\/719","targetHints":{"allow":["GET"]}}],"collection":[{"href":"https:\/\/gralhatur.com.br\/index.php\/wp-json\/wp\/v2\/posts"}],"about":[{"href":"https:\/\/gralhatur.com.br\/index.php\/wp-json\/wp\/v2\/types\/post"}],"author":[{"embeddable":true,"href":"https:\/\/gralhatur.com.br\/index.php\/wp-json\/wp\/v2\/users\/2"}],"replies":[{"embeddable":true,"href":"https:\/\/gralhatur.com.br\/index.php\/wp-json\/wp\/v2\/comments?post=719"}],"version-history":[{"count":5,"href":"https:\/\/gralhatur.com.br\/index.php\/wp-json\/wp\/v2\/posts\/719\/revisions"}],"predecessor-version":[{"id":742,"href":"https:\/\/gralhatur.com.br\/index.php\/wp-json\/wp\/v2\/posts\/719\/revisions\/742"}],"wp:featuredmedia":[{"embeddable":true,"href":"https:\/\/gralhatur.com.br\/index.php\/wp-json\/wp\/v2\/media\/436"}],"wp:attachment":[{"href":"https:\/\/gralhatur.com.br\/index.php\/wp-json\/wp\/v2\/media?parent=719"}],"wp:term":[{"taxonomy":"category","embeddable":true,"href":"https:\/\/gralhatur.com.br\/index.php\/wp-json\/wp\/v2\/categories?post=719"},{"taxonomy":"post_tag","embeddable":true,"href":"https:\/\/gralhatur.com.br\/index.php\/wp-json\/wp\/v2\/tags?post=719"}],"curies":[{"name":"wp","href":"https:\/\/api.w.org\/{rel}","templated":true}]}}